{"id":43,"date":"2012-11-29T11:34:49","date_gmt":"2012-11-29T10:34:49","guid":{"rendered":"http:\/\/arquitecturav2020.wordpress.com\/?p=43"},"modified":"2012-12-09T21:38:44","modified_gmt":"2012-12-09T20:38:44","slug":"43","status":"publish","type":"post","link":"https:\/\/arqv2020.webs.upv.es\/?p=43","title":{"rendered":"Comit\u00e9 cient\u00edfico"},"content":{"rendered":"<p>Fernando Agrasar Quiroga (ETSA-UDC)<br \/>\nIgnacio Bosch Reig (ETSA-UPV)<br \/>\nPaula Cardells Mosteiro (ETSA-UPV)<br \/>\nErnesto Fenollosa Forner\u00a0(ETSA-UPV)<br \/>\nManuel Gim\u00e9nez Ribera\u00a0(ETSA-UPV)<br \/>\nAna Llopis Reyna (ETSA-UPV)<br \/>\nAlicia Llorca Ponce (ETSA-UPV)<br \/>\nArturo Mart\u00ednez Boquera (ETSA-UPV)<br \/>\n\u00c1ngeles Mas Tom\u00e1s (ETSA-UPV)<br \/>\nJos\u00e9 Mar\u00eda Medrano Andr\u00e9s (CTAC)<br \/>\nM\u00e1lek Murad Mateu (CTAV)<br \/>\nBernardo Perep\u00e9rez Ventura (ETSA-UPV)<br \/>\nJavier Poyatos Sebasti\u00e1n (ETSA-UPV)<br \/>\nFerran Sagarra i Trias (ETSAB-UPC)<br \/>\nCarla Sentieri Omarrementer\u00eda (ETSA-UPV)<br \/>\nRafael Temes C\u00f3rdovez (ETSA-UPV)<br \/>\nMacarena Trujillo Guill\u00e9n (ETSA-UPV)<br \/>\nFernando Vela Coss\u00edo (ETSAM-UPM)<\/p>\n","protected":false},"excerpt":{"rendered":"<p>Fernando Agrasar Quiroga (ETSA-UDC) Ignacio Bosch Reig (ETSA-UPV) Paula Cardells Mosteiro (ETSA-UPV) Ernesto Fenollosa Forner\u00a0(ETSA-UPV) Manuel Gim\u00e9nez Ribera\u00a0(ETSA-UPV) Ana Llopis Reyna (ETSA-UPV) Alicia Llorca Ponce (ETSA-UPV) Arturo Mart\u00ednez Boquera (ETSA-UPV) \u00c1ngeles Mas Tom\u00e1s (ETSA-UPV) Jos\u00e9 Mar\u00eda Medrano Andr\u00e9s (CTAC) M\u00e1lek &hellip; <a href=\"https:\/\/arqv2020.webs.upv.es\/?p=43\">Sigue leyendo <span class=\"meta-nav\">&rarr;<\/span><\/a><\/p>\n","protected":false},"author":2,"featured_media":0,"comment_status":"closed","ping_status":"closed","sticky":false,"template":"","format":"standard","meta":{"footnotes":""},"categories":[5],"tags":[],"class_list":["post-43","post","type-post","status-publish","format-standard","hentry","category-comite-cientifico"],"_links":{"self":[{"href":"https:\/\/arqv2020.webs.upv.es\/index.php?rest_route=\/wp\/v2\/posts\/43","targetHints":{"allow":["GET"]}}],"collection":[{"href":"https:\/\/arqv2020.webs.upv.es\/index.php?rest_route=\/wp\/v2\/posts"}],"about":[{"href":"https:\/\/arqv2020.webs.upv.es\/index.php?rest_route=\/wp\/v2\/types\/post"}],"author":[{"embeddable":true,"href":"https:\/\/arqv2020.webs.upv.es\/index.php?rest_route=\/wp\/v2\/users\/2"}],"replies":[{"embeddable":true,"href":"https:\/\/arqv2020.webs.upv.es\/index.php?rest_route=%2Fwp%2Fv2%2Fcomments&post=43"}],"version-history":[{"count":7,"href":"https:\/\/arqv2020.webs.upv.es\/index.php?rest_route=\/wp\/v2\/posts\/43\/revisions"}],"predecessor-version":[{"id":99,"href":"https:\/\/arqv2020.webs.upv.es\/index.php?rest_route=\/wp\/v2\/posts\/43\/revisions\/99"}],"wp:attachment":[{"href":"https:\/\/arqv2020.webs.upv.es\/index.php?rest_route=%2Fwp%2Fv2%2Fmedia&parent=43"}],"wp:term":[{"taxonomy":"category","embeddable":true,"href":"https:\/\/arqv2020.webs.upv.es\/index.php?rest_route=%2Fwp%2Fv2%2Fcategories&post=43"},{"taxonomy":"post_tag","embeddable":true,"href":"https:\/\/arqv2020.webs.upv.es\/index.php?rest_route=%2Fwp%2Fv2%2Ftags&post=43"}],"curies":[{"name":"wp","href":"https:\/\/api.w.org\/{rel}","templated":true}]}}