{"id":103,"date":"2012-12-01T19:18:22","date_gmt":"2012-12-01T18:18:22","guid":{"rendered":"http:\/\/arqv2020.webs.upv.es\/?p=103"},"modified":"2013-01-19T18:53:04","modified_gmt":"2013-01-19T17:53:04","slug":"programa","status":"publish","type":"post","link":"https:\/\/arqv2020.webs.upv.es\/?p=103","title":{"rendered":"Programa del congreso"},"content":{"rendered":"<p>Estructura general del congreso<br \/>\n(este programa se ir\u00e1 concretando conforme avance el calendario)<strong>\u00a0<\/strong><\/p>\n<p><strong>\u00a0MI\u00c9RCOLES 20 DE FEBRERO DE 2013<\/strong><\/p>\n<div align=\"center\">\n<table border=\"1\" cellspacing=\"0\" cellpadding=\"0\">\n<tbody>\n<tr>\n<td valign=\"top\" width=\"94\"><\/td>\n<td valign=\"top\" width=\"235\">1. LA IMPLANTACI\u00d3N DEL ACTUAL GRADO EN ARQUITECTURA<\/td>\n<\/tr>\n<tr>\n<td width=\"94\">10,00 \u2013 11,00<\/td>\n<td width=\"235\">Recepci\u00f3n<\/td>\n<\/tr>\n<tr>\n<td width=\"94\">11,00 \u2013 12,00<\/td>\n<td width=\"235\">Acto inaugural<\/td>\n<\/tr>\n<tr>\n<td width=\"94\">12,00 \u2013 13,30<\/td>\n<td width=\"235\">Conferencia inaugural: Stephan M\u00e4der, Director de la Escuela de Arquitectura, Dise\u00f1o e Ingenier\u00eda Civil de la Z\u00fccher Hochschule f\u00fcr Angenwandte Wissenschaften<\/td>\n<\/tr>\n<\/tbody>\n<\/table>\n<\/div>\n<div align=\"center\">\n<table border=\"1\" cellspacing=\"0\" cellpadding=\"0\">\n<tbody>\n<tr>\n<td valign=\"top\" width=\"94\"><\/td>\n<td valign=\"top\" width=\"234\">1: LA IMPLANTACI\u00d3N DEL ACTUAL GRADO EN ARQUITECTURA<\/td>\n<\/tr>\n<tr>\n<td valign=\"top\" width=\"94\">16,00 \u2013 17,30<\/td>\n<td valign=\"top\" width=\"234\">Lectura de comunicaciones<\/td>\n<\/tr>\n<tr>\n<td valign=\"top\" width=\"94\">17,30 \u2013 18,00<\/td>\n<td valign=\"top\" width=\"234\">Pausa-caf\u00e9<\/td>\n<\/tr>\n<tr>\n<td valign=\"top\" width=\"94\">18,00 \u2013 19,00<\/td>\n<td valign=\"top\" width=\"234\">Panel<\/td>\n<\/tr>\n<tr>\n<td valign=\"top\" width=\"94\">19,00 \u2013 20,00<\/td>\n<td valign=\"top\" width=\"234\">Mesa redonda: <em>Balance provisional de la implantaci\u00f3n del nuevo Grado en Arquitectura (Directivos y estudiantes)<\/em><\/td>\n<\/tr>\n<\/tbody>\n<\/table>\n<\/div>\n<p><strong>JUEVES 21 DE FEBRERO DE 2013<\/strong><\/p>\n<div align=\"center\">\n<table border=\"1\" cellspacing=\"0\" cellpadding=\"0\">\n<tbody>\n<tr>\n<td valign=\"top\" width=\"93\"><\/td>\n<td valign=\"top\" width=\"233\">2. EXPLORANDO NUEVOS CAMINOS<\/td>\n<\/tr>\n<tr>\n<td valign=\"top\" width=\"93\">9,30 \u2013 11,30<\/td>\n<td valign=\"top\" width=\"233\">Lectura de comunicaciones<\/td>\n<\/tr>\n<tr>\n<td valign=\"top\" width=\"93\">11,30 \u2013 12,00<\/td>\n<td valign=\"top\" width=\"233\">Pausa-caf\u00e9<\/td>\n<\/tr>\n<tr>\n<td valign=\"top\" width=\"93\">12,00 \u2013 13,30<\/td>\n<td valign=\"top\" width=\"233\">Conferencia plenaria: Geoffrey Makstutis , Director del Programa de Arquitectura de la University of the Arts London.<\/td>\n<\/tr>\n<\/tbody>\n<\/table>\n<\/div>\n<div align=\"center\">\n<table border=\"1\" cellspacing=\"0\" cellpadding=\"0\">\n<tbody>\n<tr>\n<td valign=\"top\" width=\"92\"><\/td>\n<td valign=\"top\" width=\"231\">2. EXPLORANDO NUEVOS CAMINOS<\/td>\n<\/tr>\n<tr>\n<td valign=\"top\" width=\"92\">16,00 \u2013 17,30<\/td>\n<td valign=\"top\" width=\"231\">Lectura de comunicaciones<\/td>\n<\/tr>\n<tr>\n<td valign=\"top\" width=\"92\">17,30 \u2013 18,00<\/td>\n<td valign=\"top\" width=\"231\">Pausa-caf\u00e9<\/td>\n<\/tr>\n<tr>\n<td valign=\"top\" width=\"92\">18,00 \u2013 19,00<\/td>\n<td valign=\"top\" width=\"231\">Panel<\/td>\n<\/tr>\n<tr>\n<td valign=\"top\" width=\"92\">19,00 \u2013 20,00<\/td>\n<td valign=\"top\" width=\"231\">Mesa redonda: <em>Explorando nuevos caminos: hacia un mapa de titulaciones diversificado.<\/em><\/td>\n<\/tr>\n<\/tbody>\n<\/table>\n<\/div>\n<p><strong>VIERNES 22 DE FEBRERO DE 2013<\/strong><\/p>\n<div align=\"center\">\n<table border=\"1\" cellspacing=\"0\" cellpadding=\"0\">\n<tbody>\n<tr>\n<td valign=\"top\" width=\"92\"><\/td>\n<td valign=\"top\" width=\"231\">3. LA PROFESI\u00d3N DE ARQUITECTO EN UN MUNDO EN CAMBIO<\/td>\n<\/tr>\n<tr>\n<td valign=\"top\" width=\"92\">9,30 \u2013 11,30<\/td>\n<td valign=\"top\" width=\"231\">Lectura de comunicaciones<\/td>\n<\/tr>\n<tr>\n<td valign=\"top\" width=\"92\">11,30 \u2013 12,00<\/td>\n<td valign=\"top\" width=\"231\">Pausa-caf\u00e9<\/td>\n<\/tr>\n<tr>\n<td valign=\"top\" width=\"92\">12,00 \u2013 13,30<\/td>\n<td valign=\"top\" width=\"231\">Conferencia plenaria: Jordi Ludevid i Anglada, Presidente del Consejo Superior de los Colegios de Arquitectos de Espa\u00f1a<\/td>\n<\/tr>\n<\/tbody>\n<\/table>\n<\/div>\n<div align=\"center\">\n<table border=\"1\" cellspacing=\"0\" cellpadding=\"0\">\n<tbody>\n<tr>\n<td valign=\"top\" width=\"92\"><\/td>\n<td valign=\"top\" width=\"231\">3. LA PROFESI\u00d3N DE ARQUITECTO EN UN MUNDO EN CAMBIO<\/td>\n<\/tr>\n<tr>\n<td valign=\"top\" width=\"92\">16,00 \u2013 17,00<\/td>\n<td valign=\"top\" width=\"231\">Mesa redonda: Los territorios de la arquitectura<\/td>\n<\/tr>\n<tr>\n<td valign=\"top\" width=\"92\">17,00 \u2013 17,30<\/td>\n<td valign=\"top\" width=\"231\">Pausa-caf\u00e9<\/td>\n<\/tr>\n<tr>\n<td valign=\"top\" width=\"92\">17,30 \u2013 18,30<\/td>\n<td valign=\"top\" width=\"231\">Mesa de conclusiones<\/td>\n<\/tr>\n<tr>\n<td valign=\"top\" width=\"92\">18,30 \u2013 19,00<\/td>\n<td valign=\"top\" width=\"231\">Acto de clausura<\/td>\n<\/tr>\n<\/tbody>\n<\/table>\n<\/div>\n","protected":false},"excerpt":{"rendered":"<p>Estructura general del congreso (este programa se ir\u00e1 concretando conforme avance el calendario)\u00a0 \u00a0MI\u00c9RCOLES 20 DE FEBRERO DE 2013 1. LA IMPLANTACI\u00d3N DEL ACTUAL GRADO EN ARQUITECTURA 10,00 \u2013 11,00 Recepci\u00f3n 11,00 \u2013 12,00 Acto inaugural 12,00 \u2013 13,30 Conferencia &hellip; <a href=\"https:\/\/arqv2020.webs.upv.es\/?p=103\">Sigue leyendo <span class=\"meta-nav\">&rarr;<\/span><\/a><\/p>\n","protected":false},"author":2,"featured_media":0,"comment_status":"closed","ping_status":"closed","sticky":false,"template":"","format":"standard","meta":{"footnotes":""},"categories":[11],"tags":[],"class_list":["post-103","post","type-post","status-publish","format-standard","hentry","category-programa"],"_links":{"self":[{"href":"https:\/\/arqv2020.webs.upv.es\/index.php?rest_route=\/wp\/v2\/posts\/103","targetHints":{"allow":["GET"]}}],"collection":[{"href":"https:\/\/arqv2020.webs.upv.es\/index.php?rest_route=\/wp\/v2\/posts"}],"about":[{"href":"https:\/\/arqv2020.webs.upv.es\/index.php?rest_route=\/wp\/v2\/types\/post"}],"author":[{"embeddable":true,"href":"https:\/\/arqv2020.webs.upv.es\/index.php?rest_route=\/wp\/v2\/users\/2"}],"replies":[{"embeddable":true,"href":"https:\/\/arqv2020.webs.upv.es\/index.php?rest_route=%2Fwp%2Fv2%2Fcomments&post=103"}],"version-history":[{"count":13,"href":"https:\/\/arqv2020.webs.upv.es\/index.php?rest_route=\/wp\/v2\/posts\/103\/revisions"}],"predecessor-version":[{"id":141,"href":"https:\/\/arqv2020.webs.upv.es\/index.php?rest_route=\/wp\/v2\/posts\/103\/revisions\/141"}],"wp:attachment":[{"href":"https:\/\/arqv2020.webs.upv.es\/index.php?rest_route=%2Fwp%2Fv2%2Fmedia&parent=103"}],"wp:term":[{"taxonomy":"category","embeddable":true,"href":"https:\/\/arqv2020.webs.upv.es\/index.php?rest_route=%2Fwp%2Fv2%2Fcategories&post=103"},{"taxonomy":"post_tag","embeddable":true,"href":"https:\/\/arqv2020.webs.upv.es\/index.php?rest_route=%2Fwp%2Fv2%2Ftags&post=103"}],"curies":[{"name":"wp","href":"https:\/\/api.w.org\/{rel}","templated":true}]}}